{"id":35693,"global_id":"technics.prova.cat\/es\/?id=35693","global_id_lineage":["technics.prova.cat\/es\/?id=35693"],"author":"1","status":"publish","date":"2025-10-06 12:15:49","date_utc":"2025-10-06 10:15:49","modified":"2025-10-06 12:15:49","modified_utc":"2025-10-06 10:15:49","url":"https:\/\/technics.prova.cat\/es\/event\/ade-dia-2\/","rest_url":"https:\/\/technics.prova.cat\/es\/wp-json\/tribe\/events\/v1\/events\/35693","title":"ADE &#8211; D\u00eda 2","description":"<h2 style=\"font-weight: 400;\"><strong>Vinyl-Only ZWARTE LIEFDE Takeover<\/strong><\/h2>\n<p style=\"font-weight: 400;\">Celebre las ra\u00edces de la cultura DJ con un d\u00eda completo de vinilo 100% y la riqueza de la m\u00fasica negra.<\/p>\n<h2 style=\"font-weight: 400;\"><strong>Artistas confirmados:<\/strong><\/h2>\n<ul style=\"font-weight: 400;\">\n<li><a href=\"https:\/\/eu.technics.com\/dj\/es\/artista\/welly-well\/\">DJ Welly Well<\/a> (@itswellywell)<\/li>\n<li><a href=\"https:\/\/eu.technics.com\/dj\/es\/artista\/dj-dns\/\">DNS<\/a> (@dj_dns)<\/li>\n<li><a href=\"https:\/\/eu.technics.com\/dj\/es\/artista\/chuckie\/\">CHUCKIE<\/a> (@djchuckie)<\/li>\n<li>Setiono (@djsetiono)<br \/>\n\u2026\u00a1Y se anunciar\u00e1n m\u00e1s guerreros de vinilo!<\/li>\n<\/ul>","excerpt":"<p>Celebre las ra\u00edces de la cultura DJ con un d\u00eda completo de vinilo 100% y la riqueza de la m\u00fasica negra.<\/p>","slug":"ade-dia-2","image":{"url":"https:\/\/technics.prova.cat\/wp-content\/uploads\/2025\/10\/ADE-LOGO-CLASSIC.png","id":35673,"extension":"png","width":1276,"height":1276,"filesize":24616,"sizes":{"medium":{"width":300,"height":300,"mime-type":"image\/png","filesize":3207,"url":"https:\/\/technics.prova.cat\/wp-content\/uploads\/2025\/10\/ADE-LOGO-CLASSIC-300x300.png"},"large":{"width":1024,"height":1024,"mime-type":"image\/png","filesize":12608,"url":"https:\/\/technics.prova.cat\/wp-content\/uploads\/2025\/10\/ADE-LOGO-CLASSIC-1024x1024.png"},"thumbnail":{"width":150,"height":150,"mime-type":"image\/png","filesize":1723,"url":"https:\/\/technics.prova.cat\/wp-content\/uploads\/2025\/10\/ADE-LOGO-CLASSIC-150x150.png"},"medium_large":{"width":768,"height":768,"mime-type":"image\/png","filesize":9094,"url":"https:\/\/technics.prova.cat\/wp-content\/uploads\/2025\/10\/ADE-LOGO-CLASSIC-768x768.png"},"cmplz_banner_image":{"width":350,"height":100,"mime-type":"image\/png","filesize":2805,"url":"https:\/\/technics.prova.cat\/wp-content\/uploads\/2025\/10\/ADE-LOGO-CLASSIC-350x100.png"}}},"all_day":false,"start_date":"2025-10-23 11:00:00","start_date_details":{"year":"2025","month":"10","day":"23","hour":"11","minutes":"00","seconds":"00"},"end_date":"2025-10-23 22:00:00","end_date_details":{"year":"2025","month":"10","day":"23","hour":"22","minutes":"00","seconds":"00"},"utc_start_date":"2025-10-23 09:00:00","utc_start_date_details":{"year":"2025","month":"10","day":"23","hour":"09","minutes":"00","seconds":"00"},"utc_end_date":"2025-10-23 20:00:00","utc_end_date_details":{"year":"2025","month":"10","day":"23","hour":"20","minutes":"00","seconds":"00"},"timezone":"Europe\/Madrid","timezone_abbr":"CEST","cost":"","cost_details":{"currency_symbol":"","currency_code":"","currency_position":"","values":[]},"website":"https:\/\/technics.prova.cat\/es\/event\/ade-dia-2\/","show_map":false,"show_map_link":true,"hide_from_listings":false,"sticky":false,"featured":false,"categories":[],"tags":[],"venue":{"id":35681,"author":"1","status":"publish","date":"2025-10-06 12:03:40","date_utc":"2025-10-06 10:03:40","modified":"2025-10-06 12:03:40","modified_utc":"2025-10-06 10:03:40","url":"https:\/\/technics.prova.cat\/recinto\/westweelde\/","venue":"WestWeelde","slug":"westweelde","address":"Kl\u00f6nneplein 4-6","city":"Amsterdam","country":"Netherlands","json_ld":{"@type":"Place","name":"WestWeelde","description":"","url":"https:\/\/technics.prova.cat\/recinto\/westweelde\/","address":{"@type":"PostalAddress","streetAddress":"Kl\u00f6nneplein 4-6","addressLocality":"Amsterdam","addressCountry":"Netherlands"},"telephone":"","sameAs":""},"show_map":true,"show_map_link":true,"global_id":"technics.prova.cat\/es\/?id=35681","global_id_lineage":["technics.prova.cat\/es\/?id=35681"]},"organizer":[{"id":33643,"author":"1","status":"publish","date":"2025-03-24 10:34:26","date_utc":"2025-03-24 09:34:26","modified":"2025-03-24 10:34:26","modified_utc":"2025-03-24 09:34:26","url":"https:\/\/technics.prova.cat\/es\/organizador\/welly-well\/","organizer":"Welly Well","slug":"welly-well","json_ld":{"@type":"Person","name":"Welly Well","description":"","url":"","telephone":"","email":"","sameAs":""},"global_id":"technics.prova.cat\/es\/?id=33643","global_id_lineage":["technics.prova.cat\/es\/?id=33643"]},{"id":33647,"author":"1","status":"publish","date":"2025-03-31 09:04:39","date_utc":"2025-03-31 07:04:39","modified":"2025-03-31 09:04:39","modified_utc":"2025-03-31 07:04:39","url":"https:\/\/technics.prova.cat\/es\/organizador\/dj-dns\/","organizer":"DJ DNS","slug":"dj-dns","json_ld":{"@type":"Person","name":"DJ DNS","description":"","url":"","telephone":"","email":"","sameAs":""},"global_id":"technics.prova.cat\/es\/?id=33647","global_id_lineage":["technics.prova.cat\/es\/?id=33647"]},{"id":33498,"author":"2","status":"publish","date":"2025-01-24 08:04:17","date_utc":"2025-01-24 07:04:17","modified":"2025-01-24 08:04:17","modified_utc":"2025-01-24 07:04:17","url":"https:\/\/technics.prova.cat\/es\/organizador\/chuckie\/","organizer":"Chuckie","excerpt":"<p>Desde sus humildes comienzos en Sudam\u00e9rica, el nativo de Surinam forj\u00f3 su camino en los Pa\u00edses Bajos, siendo coronado como &#8216;El Rey de la Mezcla&#8217; por sus pares en referencia a su habilidad para tocar m\u00faltiples g\u00e9neros con una energ\u00eda, trucos y transiciones impresionantes.<\/p>","slug":"chuckie","image":{"url":"https:\/\/technics.prova.cat\/wp-content\/uploads\/2025\/01\/DJs.png","id":33275,"extension":"png","width":1080,"height":1080,"filesize":1702537,"sizes":{"medium":{"width":300,"height":300,"mime-type":"image\/png","filesize":131965,"url":"https:\/\/technics.prova.cat\/wp-content\/uploads\/2025\/01\/DJs-300x300.png"},"large":{"width":1024,"height":1024,"mime-type":"image\/png","filesize":1316822,"url":"https:\/\/technics.prova.cat\/wp-content\/uploads\/2025\/01\/DJs-1024x1024.png"},"thumbnail":{"width":150,"height":150,"mime-type":"image\/png","filesize":37613,"url":"https:\/\/technics.prova.cat\/wp-content\/uploads\/2025\/01\/DJs-150x150.png"},"medium_large":{"width":768,"height":768,"mime-type":"image\/png","filesize":767899,"url":"https:\/\/technics.prova.cat\/wp-content\/uploads\/2025\/01\/DJs-768x768.png"}}},"json_ld":{"@type":"Person","name":"Chuckie","description":"&lt;p&gt;Desde sus humildes comienzos en Sudam\u00e9rica, el nativo de Surinam forj\u00f3 su camino en los Pa\u00edses Bajos, siendo coronado como \\'El Rey de la Mezcla\\' por sus pares en referencia a su habilidad para tocar m\u00faltiples g\u00e9neros con una energ\u00eda, trucos y transiciones impresionantes.&lt;\/p&gt;\\n","image":"https:\/\/technics.prova.cat\/wp-content\/uploads\/2025\/01\/DJs.png","url":"","telephone":"","email":"","sameAs":""},"global_id":"technics.prova.cat\/es\/?id=33498","global_id_lineage":["technics.prova.cat\/es\/?id=33498"]}],"custom_fields":[],"json_ld":{"@context":"http:\/\/schema.org","@type":"Event","name":"ADE &#8211; D\u00eda 2","description":"&lt;p&gt;Celebre las ra\u00edces de la cultura DJ con un d\u00eda completo de vinilo 100% y la riqueza de la m\u00fasica negra.&lt;\/p&gt;\\n","image":"https:\/\/technics.prova.cat\/wp-content\/uploads\/2025\/10\/ADE-LOGO-CLASSIC.png","url":"https:\/\/technics.prova.cat\/es\/event\/ade-dia-2\/","eventAttendanceMode":"https:\/\/schema.org\/OfflineEventAttendanceMode","eventStatus":"https:\/\/schema.org\/EventScheduled","startDate":"2025-10-23T11:00:00+02:00","endDate":"2025-10-23T22:00:00+02:00","location":{"@type":"Place","name":"WestWeelde","description":"","url":"https:\/\/technics.prova.cat\/recinto\/westweelde\/","address":{"@type":"PostalAddress","streetAddress":"Kl\u00f6nneplein 4-6","addressLocality":"Amsterdam","addressCountry":"Netherlands"},"telephone":"","sameAs":""},"organizer":{"@type":"Person","name":"Welly Well","description":"","url":"","telephone":"","email":"","sameAs":""},"performer":"Organization"},"is_virtual":false,"virtual_url":null,"virtual_video_source":""}